{"id":619,"date":"2025-04-24T13:59:59","date_gmt":"2025-04-24T13:59:59","guid":{"rendered":"https:\/\/kcsrgorazde.ba\/?p=619"},"modified":"2025-04-24T13:59:59","modified_gmt":"2025-04-24T13:59:59","slug":"implementacija-projekta-kucna-njega-i-podrska-osobama-trece-zivotne-dobi","status":"publish","type":"post","link":"https:\/\/kcsrgorazde.ba\/index.php\/2025\/04\/24\/implementacija-projekta-kucna-njega-i-podrska-osobama-trece-zivotne-dobi\/","title":{"rendered":"Implementacija projekta &#8220;Ku\u0107na njega i podr\u0161ka osobama tre\u0107e \u017eivotne dobi&#8221;"},"content":{"rendered":"\n<p>Socijalni radnici\/ce u JU Centar za socijalni rad BPK-a Gora\u017ede kroz direktan rad sa korisnicima i korisnicama tre\u0107e \u017eivotne dobi, suo\u010davaju se sa brojnim faktorima rizika siroma\u0161tva i socijalne isklju\u010denosti ove grupe osoba, koje su svakako zbog svojih godina i zdravstvenog stanja u stanju nagla\u0161ene socijalne potrebe. Na\u017ealost, mnoge osobe koje kroz svoj \u017eivotni vijek obezbje\u0111uju sebi egzistenciju i zadovoljavaju sve \u017eivotne potrebe, \u010desto u poznim godinama \u017eivota postanu korisnici\/korisnice centara za socijalni rad. Radi preveniranja siroma\u0161tva i socijalne isklju\u010denosti, socijalni radnici \u010desto moraju obezbjediti naturlane pomo\u0107i kroz saradnju sa raznim vladinim institucijama, nevladinim sektorom i privrednim subjektima.<\/p>\n\n\n\n<p>Kapaciteti ustanova socijalne za\u0161tite namijenjih osobama tre\u0107e \u017eivotne dobi su odavno prekora\u010dili limite, te praksa na terenu pokazuje da se deinstitucionalizacija starijih osoba mora desiti &#8211; \u017eeljeli ili ne.<\/p>\n\n\n\n<p>Uz podr\u0161ku Federalnog ministarstva rada i socijalne politike, te Kantonalnog ministarstva za socijalnu politiku, zdravsto, raseljena lica i izbjeglice Bosansko &#8211; podrinjskog kantona Gora\u017ede, JU Centar za socijalni rad BPK-a Gora\u017ede je pokrenula pilot projekat pru\u017eanja ku\u0107ne njege i podr\u0161ke u ku\u0107i prvenstveno osobama tre\u0107e \u017eivotne dobi, kao i slabim i nemo\u0107nim licima, a \u0161to se pokazala kao istinska potreba vo\u0111eni iskustvom rada na terenu.<\/p>\n\n\n\n<p>Upravo kroz ovaj projekat, kroz koji je anga\u017eovano 5 gerontodoma\u0107ica\/njegovateljica, \u017eelimo prevenirati stanje nagla\u0161ene socijalne potrebe i smje\u0161taja u ustanove socijalne za\u0161tite, kako bi o\u010duvali funcionalnu svakodnevnicu na\u0161ih deda i nana.<\/p>\n\n\n\n<p>Usluge koje su predvi\u0111ene ovim projektom jesu podr\u0161ka u odr\u017eavanju li\u010dne higijene i higijene \u017eivotnog prostora, podr\u0161ka u kretanju, obavljanju svakodnevnih poslova u smislu odlazaka do prodavnice, apoteke, bolnice i sli\u010dno, te u najmanju ruku, razgovora i dru\u017eenja sa osobama koje se jako \u010desto osje\u0107aju usamljeno, a \u0161to nekada je i vi\u0161e nego dovoljno kako bi se na\u0161i stariji osje\u0107ali sigurno i vi\u0111eno.<\/p>\n\n\n\n<p>Ukoliko poznajete nekoga sa podru\u010dja BPK-a Gora\u017ede, kome bi ovakav vid pomo\u0107i bio potreban ili ako ste to i vi, osje\u0107ajte se slobodnim kontaktirati na\u0161u Ustanovu, nakon \u010dega \u0107e socijalni radnici\/ce vas obi\u0107i i uklju\u010diti u program ku\u0107ne njege. Obratiti se mo\u017eete na broj telefona 038 223 343 ili popunjavanjem prijavnog obrasca ispod.<\/p>\n\n\n\n<div id=\"wp-block-themeisle-blocks-form-44b157b2\" class=\"wp-block-themeisle-blocks-form\" data-option-name=\"bf9b28ff82ce323187abc5d0feb0d8f07ecd8436_44b157b2\"><form class=\"otter-form__container\">\n<div id=\"wp-block-themeisle-blocks-form-input-db1c552e\" class=\"wp-block-themeisle-blocks-form-input\"><label for=\"wp-block-themeisle-blocks-form-input-db1c552e-input\" class=\"otter-form-input-label\"><span class=\"otter-form-input-label__label\">Ime i prezime<\/span><span class=\"required\">*<\/span><\/label><input type=\"text\" id=\"wp-block-themeisle-blocks-form-input-db1c552e-input\" required class=\"otter-form-input\"\/><\/div>\n\n\n\n<div id=\"wp-block-themeisle-blocks-form-input-64d03825\" class=\"wp-block-themeisle-blocks-form-input\"><label for=\"wp-block-themeisle-blocks-form-input-64d03825-input\" class=\"otter-form-input-label\"><span class=\"otter-form-input-label__label\">Kontakt telefon<\/span><span class=\"required\">*<\/span><\/label><input type=\"email\" id=\"wp-block-themeisle-blocks-form-input-64d03825-input\" required class=\"otter-form-input\"\/><\/div>\n\n\n\n<div id=\"wp-block-themeisle-blocks-form-input-32621848\" class=\"wp-block-themeisle-blocks-form-input\"><label for=\"wp-block-themeisle-blocks-form-input-32621848-input\" class=\"otter-form-input-label\"><span class=\"otter-form-input-label__label\">Adresa stanovanja<\/span><span class=\"required\">*<\/span><\/label><input type=\"email\" id=\"wp-block-themeisle-blocks-form-input-32621848-input\" required class=\"otter-form-input\"\/><\/div>\n\n\n<div class=\"protection\" aria-hidden=\"true\"><input type=\"hidden\" id=\"wp-block-themeisle-blocks-form-44b157b2_nonce_field\" name=\"wp-block-themeisle-blocks-form-44b157b2_nonce_field\" value=\"a1de062813\" \/><input type=\"hidden\" name=\"_wp_http_referer\" value=\"\/index.php\/wp-json\/wp\/v2\/posts\/619\" \/><input class=\"o-anti-bot\" type=\"checkbox\"><\/div>\n\n\n<div id=\"wp-block-themeisle-blocks-form-textarea-d72b4cbe\" class=\"wp-block-themeisle-blocks-form-textarea\"><label for=\"wp-block-themeisle-blocks-form-textarea-d72b4cbe-input\" class=\"otter-form-textarea-label\"><span class=\"otter-form-textarea-label__label\">Dodatne informacije<\/span><\/label><textarea id=\"wp-block-themeisle-blocks-form-textarea-d72b4cbe-input\" rows=\"10\" class=\"otter-form-textarea-input\"><\/textarea><\/div>\n\n\n\n<p class=\"has-extra-small-font-size\">Kada popunite sve podatke kliknete na dugne ispod (Submit).<\/p>\n<div class=\"wp-block-button\"><button class=\"wp-block-button__link\" type=\"submit\">Submit<\/button><\/div><\/form><\/div>\n\n\n\n<figure class=\"wp-block-image size-large\"><img decoding=\"async\" width=\"1024\" height=\"512\" data-src=\"https:\/\/kcsrgorazde.ba\/wp-content\/uploads\/2025\/04\/KUCNA-NJEGA-BANER-1024x512.png\" alt=\"\" class=\"wp-image-620 lazyload\" data-srcset=\"https:\/\/kcsrgorazde.ba\/wp-content\/uploads\/2025\/04\/KUCNA-NJEGA-BANER-1024x512.png 1024w, https:\/\/kcsrgorazde.ba\/wp-content\/uploads\/2025\/04\/KUCNA-NJEGA-BANER-300x150.png 300w, https:\/\/kcsrgorazde.ba\/wp-content\/uploads\/2025\/04\/KUCNA-NJEGA-BANER-768x384.png 768w, https:\/\/kcsrgorazde.ba\/wp-content\/uploads\/2025\/04\/KUCNA-NJEGA-BANER-1536x768.png 1536w, https:\/\/kcsrgorazde.ba\/wp-content\/uploads\/2025\/04\/KUCNA-NJEGA-BANER-2048x1024.png 2048w\" data-sizes=\"(max-width: 1024px) 100vw, 1024px\" src=\"data:image\/gif;base64,R0lGODlhAQABAAAAACH5BAEKAAEALAAAAAABAAEAAAICTAEAOw==\" style=\"--smush-placeholder-width: 1024px; --smush-placeholder-aspect-ratio: 1024\/512;\" \/><\/figure>\n\n\n\n<p><\/p>\n","protected":false},"excerpt":{"rendered":"<p>Socijalni radnici\/ce u JU Centar za socijalni rad BPK-a Gora\u017ede kroz direktan rad sa korisnicima i korisnicama tre\u0107e \u017eivotne dobi, suo\u010davaju se sa brojnim faktorima rizika siroma\u0161tva i socijalne isklju\u010denosti ove grupe osoba, koje su svakako zbog svojih godina i zdravstvenog stanja u stanju nagla\u0161ene socijalne potrebe. Na\u017ealost, mnoge osobe koje kroz svoj \u017eivotni vijek&hellip;&nbsp;<a href=\"https:\/\/kcsrgorazde.ba\/index.php\/2025\/04\/24\/implementacija-projekta-kucna-njega-i-podrska-osobama-trece-zivotne-dobi\/\" class=\"\" rel=\"bookmark\">Read More &raquo;<span class=\"screen-reader-text\">Implementacija projekta &#8220;Ku\u0107na njega i podr\u0161ka osobama tre\u0107e \u017eivotne dobi&#8221;<\/span><\/a><\/p>\n","protected":false},"author":1,"featured_media":620,"comment_status":"open","ping_status":"open","sticky":false,"template":"","format":"standard","meta":{"neve_meta_sidebar":"","neve_meta_container":"","neve_meta_enable_content_width":"","neve_meta_content_width":0,"neve_meta_title_alignment":"","neve_meta_author_avatar":"","neve_post_elements_order":"","neve_meta_disable_header":"","neve_meta_disable_footer":"","neve_meta_disable_title":"","_themeisle_gutenberg_block_has_review":false,"footnotes":""},"categories":[1],"tags":[],"class_list":["post-619","post","type-post","status-publish","format-standard","has-post-thumbnail","hentry","category-uncategorized"],"yoast_head":"<!-- This site is optimized with the Yoast SEO plugin v25.7 - https:\/\/yoast.com\/wordpress\/plugins\/seo\/ -->\n<title>Implementacija projekta &quot;Ku\u0107na njega i podr\u0161ka osobama tre\u0107e \u017eivotne dobi&quot; - JU Centar za socijalni rad<\/title>\n<meta name=\"robots\" content=\"index, follow, max-snippet:-1, max-image-preview:large, max-video-preview:-1\" \/>\n<link rel=\"canonical\" href=\"https:\/\/kcsrgorazde.ba\/index.php\/2025\/04\/24\/implementacija-projekta-kucna-njega-i-podrska-osobama-trece-zivotne-dobi\/\" \/>\n<meta property=\"og:locale\" content=\"en_US\" \/>\n<meta property=\"og:type\" content=\"article\" \/>\n<meta property=\"og:title\" content=\"Implementacija projekta &quot;Ku\u0107na njega i podr\u0161ka osobama tre\u0107e \u017eivotne dobi&quot; - JU Centar za socijalni rad\" \/>\n<meta property=\"og:description\" content=\"Socijalni radnici\/ce u JU Centar za socijalni rad BPK-a Gora\u017ede kroz direktan rad sa korisnicima i korisnicama tre\u0107e \u017eivotne dobi, suo\u010davaju se sa brojnim faktorima rizika siroma\u0161tva i socijalne isklju\u010denosti ove grupe osoba, koje su svakako zbog svojih godina i zdravstvenog stanja u stanju nagla\u0161ene socijalne potrebe. Na\u017ealost, mnoge osobe koje kroz svoj \u017eivotni vijek&hellip;&nbsp;Read More &raquo;Implementacija projekta &#8220;Ku\u0107na njega i podr\u0161ka osobama tre\u0107e \u017eivotne dobi&#8221;\" \/>\n<meta property=\"og:url\" content=\"https:\/\/kcsrgorazde.ba\/index.php\/2025\/04\/24\/implementacija-projekta-kucna-njega-i-podrska-osobama-trece-zivotne-dobi\/\" \/>\n<meta property=\"og:site_name\" content=\"JU Centar za socijalni rad\" \/>\n<meta property=\"article:publisher\" content=\"https:\/\/www.facebook.com\/czsrgorazde\" \/>\n<meta property=\"article:published_time\" content=\"2025-04-24T13:59:59+00:00\" \/>\n<meta property=\"og:image\" content=\"https:\/\/kcsrgorazde.ba\/wp-content\/uploads\/2025\/04\/KUCNA-NJEGA-BANER-scaled.png\" \/>\n\t<meta property=\"og:image:width\" content=\"2560\" \/>\n\t<meta property=\"og:image:height\" content=\"1280\" \/>\n\t<meta property=\"og:image:type\" content=\"image\/png\" \/>\n<meta name=\"author\" content=\"admin\" \/>\n<meta name=\"twitter:card\" content=\"summary_large_image\" \/>\n<meta name=\"twitter:label1\" content=\"Written by\" \/>\n\t<meta name=\"twitter:data1\" content=\"admin\" \/>\n\t<meta name=\"twitter:label2\" content=\"Est. reading time\" \/>\n\t<meta name=\"twitter:data2\" content=\"2 minutes\" \/>\n<script type=\"application\/ld+json\" class=\"yoast-schema-graph\">{\"@context\":\"https:\/\/schema.org\",\"@graph\":[{\"@type\":\"Article\",\"@id\":\"https:\/\/kcsrgorazde.ba\/index.php\/2025\/04\/24\/implementacija-projekta-kucna-njega-i-podrska-osobama-trece-zivotne-dobi\/#article\",\"isPartOf\":{\"@id\":\"https:\/\/kcsrgorazde.ba\/index.php\/2025\/04\/24\/implementacija-projekta-kucna-njega-i-podrska-osobama-trece-zivotne-dobi\/\"},\"author\":{\"name\":\"admin\",\"@id\":\"https:\/\/kcsrgorazde.ba\/#\/schema\/person\/11776eda34b6030a126f53cd95dd19de\"},\"headline\":\"Implementacija projekta &#8220;Ku\u0107na njega i podr\u0161ka osobama tre\u0107e \u017eivotne dobi&#8221;\",\"datePublished\":\"2025-04-24T13:59:59+00:00\",\"mainEntityOfPage\":{\"@id\":\"https:\/\/kcsrgorazde.ba\/index.php\/2025\/04\/24\/implementacija-projekta-kucna-njega-i-podrska-osobama-trece-zivotne-dobi\/\"},\"wordCount\":423,\"commentCount\":0,\"publisher\":{\"@id\":\"https:\/\/kcsrgorazde.ba\/#organization\"},\"image\":{\"@id\":\"https:\/\/kcsrgorazde.ba\/index.php\/2025\/04\/24\/implementacija-projekta-kucna-njega-i-podrska-osobama-trece-zivotne-dobi\/#primaryimage\"},\"thumbnailUrl\":\"https:\/\/kcsrgorazde.ba\/wp-content\/uploads\/2025\/04\/KUCNA-NJEGA-BANER-scaled.png\",\"inLanguage\":\"en-US\",\"potentialAction\":[{\"@type\":\"CommentAction\",\"name\":\"Comment\",\"target\":[\"https:\/\/kcsrgorazde.ba\/index.php\/2025\/04\/24\/implementacija-projekta-kucna-njega-i-podrska-osobama-trece-zivotne-dobi\/#respond\"]}]},{\"@type\":\"WebPage\",\"@id\":\"https:\/\/kcsrgorazde.ba\/index.php\/2025\/04\/24\/implementacija-projekta-kucna-njega-i-podrska-osobama-trece-zivotne-dobi\/\",\"url\":\"https:\/\/kcsrgorazde.ba\/index.php\/2025\/04\/24\/implementacija-projekta-kucna-njega-i-podrska-osobama-trece-zivotne-dobi\/\",\"name\":\"Implementacija projekta \\\"Ku\u0107na njega i podr\u0161ka osobama tre\u0107e \u017eivotne dobi\\\" - JU Centar za socijalni rad\",\"isPartOf\":{\"@id\":\"https:\/\/kcsrgorazde.ba\/#website\"},\"primaryImageOfPage\":{\"@id\":\"https:\/\/kcsrgorazde.ba\/index.php\/2025\/04\/24\/implementacija-projekta-kucna-njega-i-podrska-osobama-trece-zivotne-dobi\/#primaryimage\"},\"image\":{\"@id\":\"https:\/\/kcsrgorazde.ba\/index.php\/2025\/04\/24\/implementacija-projekta-kucna-njega-i-podrska-osobama-trece-zivotne-dobi\/#primaryimage\"},\"thumbnailUrl\":\"https:\/\/kcsrgorazde.ba\/wp-content\/uploads\/2025\/04\/KUCNA-NJEGA-BANER-scaled.png\",\"datePublished\":\"2025-04-24T13:59:59+00:00\",\"breadcrumb\":{\"@id\":\"https:\/\/kcsrgorazde.ba\/index.php\/2025\/04\/24\/implementacija-projekta-kucna-njega-i-podrska-osobama-trece-zivotne-dobi\/#breadcrumb\"},\"inLanguage\":\"en-US\",\"potentialAction\":[{\"@type\":\"ReadAction\",\"target\":[\"https:\/\/kcsrgorazde.ba\/index.php\/2025\/04\/24\/implementacija-projekta-kucna-njega-i-podrska-osobama-trece-zivotne-dobi\/\"]}]},{\"@type\":\"ImageObject\",\"inLanguage\":\"en-US\",\"@id\":\"https:\/\/kcsrgorazde.ba\/index.php\/2025\/04\/24\/implementacija-projekta-kucna-njega-i-podrska-osobama-trece-zivotne-dobi\/#primaryimage\",\"url\":\"https:\/\/kcsrgorazde.ba\/wp-content\/uploads\/2025\/04\/KUCNA-NJEGA-BANER-scaled.png\",\"contentUrl\":\"https:\/\/kcsrgorazde.ba\/wp-content\/uploads\/2025\/04\/KUCNA-NJEGA-BANER-scaled.png\",\"width\":2560,\"height\":1280},{\"@type\":\"BreadcrumbList\",\"@id\":\"https:\/\/kcsrgorazde.ba\/index.php\/2025\/04\/24\/implementacija-projekta-kucna-njega-i-podrska-osobama-trece-zivotne-dobi\/#breadcrumb\",\"itemListElement\":[{\"@type\":\"ListItem\",\"position\":1,\"name\":\"Home\",\"item\":\"https:\/\/kcsrgorazde.ba\/\"},{\"@type\":\"ListItem\",\"position\":2,\"name\":\"Implementacija projekta &#8220;Ku\u0107na njega i podr\u0161ka osobama tre\u0107e \u017eivotne dobi&#8221;\"}]},{\"@type\":\"WebSite\",\"@id\":\"https:\/\/kcsrgorazde.ba\/#website\",\"url\":\"https:\/\/kcsrgorazde.ba\/\",\"name\":\"JU Centar za socijalni rad Bosansko - podrinjskog kantona Gora\u017ede\",\"description\":\"Bosansko - podrinjskog kantona Gora\u017ede\",\"publisher\":{\"@id\":\"https:\/\/kcsrgorazde.ba\/#organization\"},\"potentialAction\":[{\"@type\":\"SearchAction\",\"target\":{\"@type\":\"EntryPoint\",\"urlTemplate\":\"https:\/\/kcsrgorazde.ba\/?s={search_term_string}\"},\"query-input\":{\"@type\":\"PropertyValueSpecification\",\"valueRequired\":true,\"valueName\":\"search_term_string\"}}],\"inLanguage\":\"en-US\"},{\"@type\":\"Organization\",\"@id\":\"https:\/\/kcsrgorazde.ba\/#organization\",\"name\":\"JU Centar za socijalni rad Bosansko - podrinjskog kantona Gora\u017ede\",\"url\":\"https:\/\/kcsrgorazde.ba\/\",\"logo\":{\"@type\":\"ImageObject\",\"inLanguage\":\"en-US\",\"@id\":\"https:\/\/kcsrgorazde.ba\/#\/schema\/logo\/image\/\",\"url\":\"https:\/\/kcsrgorazde.ba\/wp-content\/uploads\/2024\/10\/cropped-LOGO-BEZ-POZADINE-2.png\",\"contentUrl\":\"https:\/\/kcsrgorazde.ba\/wp-content\/uploads\/2024\/10\/cropped-LOGO-BEZ-POZADINE-2.png\",\"width\":512,\"height\":512,\"caption\":\"JU Centar za socijalni rad Bosansko - podrinjskog kantona Gora\u017ede\"},\"image\":{\"@id\":\"https:\/\/kcsrgorazde.ba\/#\/schema\/logo\/image\/\"},\"sameAs\":[\"https:\/\/www.facebook.com\/czsrgorazde\"]},{\"@type\":\"Person\",\"@id\":\"https:\/\/kcsrgorazde.ba\/#\/schema\/person\/11776eda34b6030a126f53cd95dd19de\",\"name\":\"admin\",\"image\":{\"@type\":\"ImageObject\",\"inLanguage\":\"en-US\",\"@id\":\"https:\/\/kcsrgorazde.ba\/#\/schema\/person\/image\/\",\"url\":\"https:\/\/secure.gravatar.com\/avatar\/d87468f5180aab41c3c035b36566c0f6fdc0eb6ef5ce10485b41e251ed0255e8?s=96&d=mm&r=g\",\"contentUrl\":\"https:\/\/secure.gravatar.com\/avatar\/d87468f5180aab41c3c035b36566c0f6fdc0eb6ef5ce10485b41e251ed0255e8?s=96&d=mm&r=g\",\"caption\":\"admin\"},\"sameAs\":[\"https:\/\/kcsrgorazde.ba\"],\"url\":\"https:\/\/kcsrgorazde.ba\/index.php\/author\/kcsrgora\/\"}]}<\/script>\n<!-- \/ Yoast SEO plugin. -->","yoast_head_json":{"title":"Implementacija projekta \"Ku\u0107na njega i podr\u0161ka osobama tre\u0107e \u017eivotne dobi\" - JU Centar za socijalni rad","robots":{"index":"index","follow":"follow","max-snippet":"max-snippet:-1","max-image-preview":"max-image-preview:large","max-video-preview":"max-video-preview:-1"},"canonical":"https:\/\/kcsrgorazde.ba\/index.php\/2025\/04\/24\/implementacija-projekta-kucna-njega-i-podrska-osobama-trece-zivotne-dobi\/","og_locale":"en_US","og_type":"article","og_title":"Implementacija projekta \"Ku\u0107na njega i podr\u0161ka osobama tre\u0107e \u017eivotne dobi\" - JU Centar za socijalni rad","og_description":"Socijalni radnici\/ce u JU Centar za socijalni rad BPK-a Gora\u017ede kroz direktan rad sa korisnicima i korisnicama tre\u0107e \u017eivotne dobi, suo\u010davaju se sa brojnim faktorima rizika siroma\u0161tva i socijalne isklju\u010denosti ove grupe osoba, koje su svakako zbog svojih godina i zdravstvenog stanja u stanju nagla\u0161ene socijalne potrebe. Na\u017ealost, mnoge osobe koje kroz svoj \u017eivotni vijek&hellip;&nbsp;Read More &raquo;Implementacija projekta &#8220;Ku\u0107na njega i podr\u0161ka osobama tre\u0107e \u017eivotne dobi&#8221;","og_url":"https:\/\/kcsrgorazde.ba\/index.php\/2025\/04\/24\/implementacija-projekta-kucna-njega-i-podrska-osobama-trece-zivotne-dobi\/","og_site_name":"JU Centar za socijalni rad","article_publisher":"https:\/\/www.facebook.com\/czsrgorazde","article_published_time":"2025-04-24T13:59:59+00:00","og_image":[{"width":2560,"height":1280,"url":"https:\/\/kcsrgorazde.ba\/wp-content\/uploads\/2025\/04\/KUCNA-NJEGA-BANER-scaled.png","type":"image\/png"}],"author":"admin","twitter_card":"summary_large_image","twitter_misc":{"Written by":"admin","Est. reading time":"2 minutes"},"schema":{"@context":"https:\/\/schema.org","@graph":[{"@type":"Article","@id":"https:\/\/kcsrgorazde.ba\/index.php\/2025\/04\/24\/implementacija-projekta-kucna-njega-i-podrska-osobama-trece-zivotne-dobi\/#article","isPartOf":{"@id":"https:\/\/kcsrgorazde.ba\/index.php\/2025\/04\/24\/implementacija-projekta-kucna-njega-i-podrska-osobama-trece-zivotne-dobi\/"},"author":{"name":"admin","@id":"https:\/\/kcsrgorazde.ba\/#\/schema\/person\/11776eda34b6030a126f53cd95dd19de"},"headline":"Implementacija projekta &#8220;Ku\u0107na njega i podr\u0161ka osobama tre\u0107e \u017eivotne dobi&#8221;","datePublished":"2025-04-24T13:59:59+00:00","mainEntityOfPage":{"@id":"https:\/\/kcsrgorazde.ba\/index.php\/2025\/04\/24\/implementacija-projekta-kucna-njega-i-podrska-osobama-trece-zivotne-dobi\/"},"wordCount":423,"commentCount":0,"publisher":{"@id":"https:\/\/kcsrgorazde.ba\/#organization"},"image":{"@id":"https:\/\/kcsrgorazde.ba\/index.php\/2025\/04\/24\/implementacija-projekta-kucna-njega-i-podrska-osobama-trece-zivotne-dobi\/#primaryimage"},"thumbnailUrl":"https:\/\/kcsrgorazde.ba\/wp-content\/uploads\/2025\/04\/KUCNA-NJEGA-BANER-scaled.png","inLanguage":"en-US","potentialAction":[{"@type":"CommentAction","name":"Comment","target":["https:\/\/kcsrgorazde.ba\/index.php\/2025\/04\/24\/implementacija-projekta-kucna-njega-i-podrska-osobama-trece-zivotne-dobi\/#respond"]}]},{"@type":"WebPage","@id":"https:\/\/kcsrgorazde.ba\/index.php\/2025\/04\/24\/implementacija-projekta-kucna-njega-i-podrska-osobama-trece-zivotne-dobi\/","url":"https:\/\/kcsrgorazde.ba\/index.php\/2025\/04\/24\/implementacija-projekta-kucna-njega-i-podrska-osobama-trece-zivotne-dobi\/","name":"Implementacija projekta \"Ku\u0107na njega i podr\u0161ka osobama tre\u0107e \u017eivotne dobi\" - JU Centar za socijalni rad","isPartOf":{"@id":"https:\/\/kcsrgorazde.ba\/#website"},"primaryImageOfPage":{"@id":"https:\/\/kcsrgorazde.ba\/index.php\/2025\/04\/24\/implementacija-projekta-kucna-njega-i-podrska-osobama-trece-zivotne-dobi\/#primaryimage"},"image":{"@id":"https:\/\/kcsrgorazde.ba\/index.php\/2025\/04\/24\/implementacija-projekta-kucna-njega-i-podrska-osobama-trece-zivotne-dobi\/#primaryimage"},"thumbnailUrl":"https:\/\/kcsrgorazde.ba\/wp-content\/uploads\/2025\/04\/KUCNA-NJEGA-BANER-scaled.png","datePublished":"2025-04-24T13:59:59+00:00","breadcrumb":{"@id":"https:\/\/kcsrgorazde.ba\/index.php\/2025\/04\/24\/implementacija-projekta-kucna-njega-i-podrska-osobama-trece-zivotne-dobi\/#breadcrumb"},"inLanguage":"en-US","potentialAction":[{"@type":"ReadAction","target":["https:\/\/kcsrgorazde.ba\/index.php\/2025\/04\/24\/implementacija-projekta-kucna-njega-i-podrska-osobama-trece-zivotne-dobi\/"]}]},{"@type":"ImageObject","inLanguage":"en-US","@id":"https:\/\/kcsrgorazde.ba\/index.php\/2025\/04\/24\/implementacija-projekta-kucna-njega-i-podrska-osobama-trece-zivotne-dobi\/#primaryimage","url":"https:\/\/kcsrgorazde.ba\/wp-content\/uploads\/2025\/04\/KUCNA-NJEGA-BANER-scaled.png","contentUrl":"https:\/\/kcsrgorazde.ba\/wp-content\/uploads\/2025\/04\/KUCNA-NJEGA-BANER-scaled.png","width":2560,"height":1280},{"@type":"BreadcrumbList","@id":"https:\/\/kcsrgorazde.ba\/index.php\/2025\/04\/24\/implementacija-projekta-kucna-njega-i-podrska-osobama-trece-zivotne-dobi\/#breadcrumb","itemListElement":[{"@type":"ListItem","position":1,"name":"Home","item":"https:\/\/kcsrgorazde.ba\/"},{"@type":"ListItem","position":2,"name":"Implementacija projekta &#8220;Ku\u0107na njega i podr\u0161ka osobama tre\u0107e \u017eivotne dobi&#8221;"}]},{"@type":"WebSite","@id":"https:\/\/kcsrgorazde.ba\/#website","url":"https:\/\/kcsrgorazde.ba\/","name":"JU Centar za socijalni rad Bosansko - podrinjskog kantona Gora\u017ede","description":"Bosansko - podrinjskog kantona Gora\u017ede","publisher":{"@id":"https:\/\/kcsrgorazde.ba\/#organization"},"potentialAction":[{"@type":"SearchAction","target":{"@type":"EntryPoint","urlTemplate":"https:\/\/kcsrgorazde.ba\/?s={search_term_string}"},"query-input":{"@type":"PropertyValueSpecification","valueRequired":true,"valueName":"search_term_string"}}],"inLanguage":"en-US"},{"@type":"Organization","@id":"https:\/\/kcsrgorazde.ba\/#organization","name":"JU Centar za socijalni rad Bosansko - podrinjskog kantona Gora\u017ede","url":"https:\/\/kcsrgorazde.ba\/","logo":{"@type":"ImageObject","inLanguage":"en-US","@id":"https:\/\/kcsrgorazde.ba\/#\/schema\/logo\/image\/","url":"https:\/\/kcsrgorazde.ba\/wp-content\/uploads\/2024\/10\/cropped-LOGO-BEZ-POZADINE-2.png","contentUrl":"https:\/\/kcsrgorazde.ba\/wp-content\/uploads\/2024\/10\/cropped-LOGO-BEZ-POZADINE-2.png","width":512,"height":512,"caption":"JU Centar za socijalni rad Bosansko - podrinjskog kantona Gora\u017ede"},"image":{"@id":"https:\/\/kcsrgorazde.ba\/#\/schema\/logo\/image\/"},"sameAs":["https:\/\/www.facebook.com\/czsrgorazde"]},{"@type":"Person","@id":"https:\/\/kcsrgorazde.ba\/#\/schema\/person\/11776eda34b6030a126f53cd95dd19de","name":"admin","image":{"@type":"ImageObject","inLanguage":"en-US","@id":"https:\/\/kcsrgorazde.ba\/#\/schema\/person\/image\/","url":"https:\/\/secure.gravatar.com\/avatar\/d87468f5180aab41c3c035b36566c0f6fdc0eb6ef5ce10485b41e251ed0255e8?s=96&d=mm&r=g","contentUrl":"https:\/\/secure.gravatar.com\/avatar\/d87468f5180aab41c3c035b36566c0f6fdc0eb6ef5ce10485b41e251ed0255e8?s=96&d=mm&r=g","caption":"admin"},"sameAs":["https:\/\/kcsrgorazde.ba"],"url":"https:\/\/kcsrgorazde.ba\/index.php\/author\/kcsrgora\/"}]}},"_links":{"self":[{"href":"https:\/\/kcsrgorazde.ba\/index.php\/wp-json\/wp\/v2\/posts\/619","targetHints":{"allow":["GET"]}}],"collection":[{"href":"https:\/\/kcsrgorazde.ba\/index.php\/wp-json\/wp\/v2\/posts"}],"about":[{"href":"https:\/\/kcsrgorazde.ba\/index.php\/wp-json\/wp\/v2\/types\/post"}],"author":[{"embeddable":true,"href":"https:\/\/kcsrgorazde.ba\/index.php\/wp-json\/wp\/v2\/users\/1"}],"replies":[{"embeddable":true,"href":"https:\/\/kcsrgorazde.ba\/index.php\/wp-json\/wp\/v2\/comments?post=619"}],"version-history":[{"count":1,"href":"https:\/\/kcsrgorazde.ba\/index.php\/wp-json\/wp\/v2\/posts\/619\/revisions"}],"predecessor-version":[{"id":621,"href":"https:\/\/kcsrgorazde.ba\/index.php\/wp-json\/wp\/v2\/posts\/619\/revisions\/621"}],"wp:featuredmedia":[{"embeddable":true,"href":"https:\/\/kcsrgorazde.ba\/index.php\/wp-json\/wp\/v2\/media\/620"}],"wp:attachment":[{"href":"https:\/\/kcsrgorazde.ba\/index.php\/wp-json\/wp\/v2\/media?parent=619"}],"wp:term":[{"taxonomy":"category","embeddable":true,"href":"https:\/\/kcsrgorazde.ba\/index.php\/wp-json\/wp\/v2\/categories?post=619"},{"taxonomy":"post_tag","embeddable":true,"href":"https:\/\/kcsrgorazde.ba\/index.php\/wp-json\/wp\/v2\/tags?post=619"}],"curies":[{"name":"wp","href":"https:\/\/api.w.org\/{rel}","templated":true}]}}